{"id":9974,"date":"2025-12-05T09:46:43","date_gmt":"2025-12-05T09:46:43","guid":{"rendered":"https:\/\/biblioteka-gabin.pl\/?p=9974"},"modified":"2026-02-12T08:06:34","modified_gmt":"2026-02-12T08:06:34","slug":"spotkanie-z-bajka-w-oddziale-i-punkcie-przedszkolnym-w-nowym-grabiu-pszczolki-biedronki-oraz-motylki-04-12-2025r","status":"publish","type":"post","link":"https:\/\/biblioteka-gabin.pl\/index.php\/2025\/12\/05\/spotkanie-z-bajka-w-oddziale-i-punkcie-przedszkolnym-w-nowym-grabiu-pszczolki-biedronki-oraz-motylki-04-12-2025r\/","title":{"rendered":"&#8222;Spotkanie z bajk\u0105&#8221; w Oddziale i Punkcie Przedszkolnym w Nowym Grabiu- &#8222;Pszcz\u00f3\u0142ki&#8221;, &#8222;Biedronki&#8221; oraz &#8222;Motylki&#8221; (04.12.2025r.)"},"content":{"rendered":"\n<p>&nbsp;&nbsp;&nbsp; W dniu 4 grudnia go\u015bci\u0142am w Przedszkolu w Nowym Grabiu&nbsp; u trzech znakomitych grup, kt\u00f3re stara\u0142am si\u0119 wprowadzi\u0107 w \u015bwi\u0105teczny nastr\u00f3j i przenie\u015b\u0107 w magiczny \u015bwiat zimowych opowie\u015bci. Do tego pos\u0142u\u017cy\u0142y mi ksi\u0105\u017cki D. Hendry pt. \u201ePi\u0119kne bia\u0142e Bo\u017ce Narodzenie\u201d oraz E. Piotrowskiej pt. \u201e\u015awi\u0119ta Tupcia Chrupcia\u201d. Te historie pokazuj\u0105 jak niewiele trzeba zrobi\u0107, aby drugiemu sprawi\u0107 rado\u015b\u0107. A ten wyj\u0105tkowy czas powinien wyzwala\u0107 w nas ogromne pok\u0142ady dobra i pomocy skierowanej drugiemu cz\u0142owiekowi.<\/p>\n\n\n\n<p>&nbsp;&nbsp; Najm\u0142odsza grupa \u201ePszcz\u00f3\u0142ki\u201d us\u0142ysza\u0142a histori\u0119 o \u015awi\u0119tym Miko\u0142aju, u kt\u00f3rego pojawi\u0142y si\u0119 problemy z zaprz\u0119giem- w bajce pt. \u201eId\u0105 \u015awi\u0119ta\u201d. Ten bohater, wszystkim dobrze znany, zachwyci\u0142 dzieci ca\u0142\u0105 swoj\u0105 osob\u0105. Maluchy opowiedzia\u0142y mi, w jaki spos\u00f3b w Wigili\u0119 wyczekuj\u0105 Miko\u0142aja, jakie smako\u0142yki zostawiaj\u0105 dla niego.<\/p>\n\n\n\n<p>&nbsp;&nbsp; &nbsp;Kolejn\u0105 ksi\u0105\u017cka, kt\u00f3r\u0105 zaprezentowa\u0142am by\u0142a bajka pt. \u201eWeso\u0142ych \u015awi\u0105t, ba\u0142wanku!\u201d. Pi\u0119kna opowie\u015b\u0107 o dobrym serduszku jaki mia\u0142 ba\u0142wanek, by\u0142a godna na\u015bladowania. Dzieci z u\u015bmiechem na buzi wys\u0142ucha\u0142y jej do ko\u0144ca.<\/p>\n\n\n\n<p>&nbsp;&nbsp;&nbsp;&nbsp;&nbsp;&nbsp;&nbsp;&nbsp;&nbsp;&nbsp;&nbsp;&nbsp;&nbsp;&nbsp;&nbsp;&nbsp;&nbsp;&nbsp;&nbsp;&nbsp;&nbsp;&nbsp;&nbsp;&nbsp;&nbsp;&nbsp;&nbsp;&nbsp;&nbsp;&nbsp;&nbsp;&nbsp; &nbsp;&nbsp;&nbsp;&nbsp;&nbsp;&nbsp;&nbsp;&nbsp;&nbsp;&nbsp;Opr. Joanna Olejniczak<\/p>\n\n\n\n<figure class=\"wp-block-image size-large\"><img loading=\"lazy\" decoding=\"async\" width=\"728\" height=\"1024\" src=\"https:\/\/biblioteka-gabin.pl\/wp-content\/uploads\/2025\/12\/w3pGAyj_-728x1024.jpg\" alt=\"\" class=\"wp-image-9975\" srcset=\"https:\/\/biblioteka-gabin.pl\/wp-content\/uploads\/2025\/12\/w3pGAyj_-728x1024.jpg 728w, https:\/\/biblioteka-gabin.pl\/wp-content\/uploads\/2025\/12\/w3pGAyj_-213x300.jpg 213w, https:\/\/biblioteka-gabin.pl\/wp-content\/uploads\/2025\/12\/w3pGAyj_-768x1080.jpg 768w, https:\/\/biblioteka-gabin.pl\/wp-content\/uploads\/2025\/12\/w3pGAyj_-1024x1440.jpg 1024w, https:\/\/biblioteka-gabin.pl\/wp-content\/uploads\/2025\/12\/w3pGAyj_.jpg 1045w\" sizes=\"auto, (max-width: 728px) 100vw, 728px\" \/><\/figure>\n","protected":false},"excerpt":{"rendered":"<p>&nbsp;&nbsp;&nbsp; W dniu 4 grudnia go\u015bci\u0142am w Przedszkolu w Nowym<\/p>\n","protected":false},"author":5,"featured_media":9975,"comment_status":"open","ping_status":"open","sticky":false,"template":"","format":"standard","meta":{"footnotes":""},"categories":[37,36],"tags":[],"class_list":["post-9974","post","type-post","status-publish","format-standard","has-post-thumbnail","hentry","category-galeria","category-main"],"yoast_head":"<!-- This site is optimized with the Yoast SEO plugin v27.4 - https:\/\/yoast.com\/product\/yoast-seo-wordpress\/ -->\n<title>&quot;Spotkanie z bajk\u0105&quot; w Oddziale i Punkcie Przedszkolnym w Nowym Grabiu- &quot;Pszcz\u00f3\u0142ki&quot;, &quot;Biedronki&quot; oraz &quot;Motylki&quot; (04.12.2025r.) - Miejsko-Gminna Biblioteka Publiczna w G\u0105binie<\/title>\n<meta name=\"robots\" content=\"index, follow, max-snippet:-1, max-image-preview:large, max-video-preview:-1\" \/>\n<link rel=\"canonical\" href=\"http:\/\/biblioteka-gabin.pl\/index.php\/2025\/12\/05\/spotkanie-z-bajka-w-oddziale-i-punkcie-przedszkolnym-w-nowym-grabiu-pszczolki-biedronki-oraz-motylki-04-12-2025r\/\" \/>\n<meta property=\"og:locale\" content=\"pl_PL\" \/>\n<meta property=\"og:type\" content=\"article\" \/>\n<meta property=\"og:title\" content=\"&quot;Spotkanie z bajk\u0105&quot; w Oddziale i Punkcie Przedszkolnym w Nowym Grabiu- &quot;Pszcz\u00f3\u0142ki&quot;, &quot;Biedronki&quot; oraz &quot;Motylki&quot; (04.12.2025r.) - Miejsko-Gminna Biblioteka Publiczna w G\u0105binie\" \/>\n<meta property=\"og:description\" content=\"&nbsp;&nbsp;&nbsp; W dniu 4 grudnia go\u015bci\u0142am w Przedszkolu w Nowym\" \/>\n<meta property=\"og:url\" content=\"http:\/\/biblioteka-gabin.pl\/index.php\/2025\/12\/05\/spotkanie-z-bajka-w-oddziale-i-punkcie-przedszkolnym-w-nowym-grabiu-pszczolki-biedronki-oraz-motylki-04-12-2025r\/\" \/>\n<meta property=\"og:site_name\" content=\"Miejsko-Gminna Biblioteka Publiczna w G\u0105binie\" \/>\n<meta property=\"article:publisher\" content=\"https:\/\/www.facebook.com\/bibliotekagabin\" \/>\n<meta property=\"article:published_time\" content=\"2025-12-05T09:46:43+00:00\" \/>\n<meta property=\"article:modified_time\" content=\"2026-02-12T08:06:34+00:00\" \/>\n<meta property=\"og:image\" content=\"http:\/\/biblioteka-gabin.pl\/wp-content\/uploads\/2025\/12\/w3pGAyj_.jpg\" \/>\n\t<meta property=\"og:image:width\" content=\"1045\" \/>\n\t<meta property=\"og:image:height\" content=\"1470\" \/>\n\t<meta property=\"og:image:type\" content=\"image\/jpeg\" \/>\n<meta name=\"author\" content=\"j.olejniczak\" \/>\n<meta name=\"twitter:card\" content=\"summary_large_image\" \/>\n<meta name=\"twitter:label1\" content=\"Napisane przez\" \/>\n\t<meta name=\"twitter:data1\" content=\"j.olejniczak\" \/>\n\t<meta name=\"twitter:label2\" content=\"Szacowany czas czytania\" \/>\n\t<meta name=\"twitter:data2\" content=\"2 minuty\" \/>\n<script type=\"application\/ld+json\" class=\"yoast-schema-graph\">{\"@context\":\"https:\\\/\\\/schema.org\",\"@graph\":[{\"@type\":\"Article\",\"@id\":\"http:\\\/\\\/biblioteka-gabin.pl\\\/index.php\\\/2025\\\/12\\\/05\\\/spotkanie-z-bajka-w-oddziale-i-punkcie-przedszkolnym-w-nowym-grabiu-pszczolki-biedronki-oraz-motylki-04-12-2025r\\\/#article\",\"isPartOf\":{\"@id\":\"http:\\\/\\\/biblioteka-gabin.pl\\\/index.php\\\/2025\\\/12\\\/05\\\/spotkanie-z-bajka-w-oddziale-i-punkcie-przedszkolnym-w-nowym-grabiu-pszczolki-biedronki-oraz-motylki-04-12-2025r\\\/\"},\"author\":{\"name\":\"j.olejniczak\",\"@id\":\"https:\\\/\\\/biblioteka-gabin.pl\\\/#\\\/schema\\\/person\\\/c6271403c55804b0c90b1abcdc89a4be\"},\"headline\":\"&#8222;Spotkanie z bajk\u0105&#8221; w Oddziale i Punkcie Przedszkolnym w Nowym Grabiu- &#8222;Pszcz\u00f3\u0142ki&#8221;, &#8222;Biedronki&#8221; oraz &#8222;Motylki&#8221; (04.12.2025r.)\",\"datePublished\":\"2025-12-05T09:46:43+00:00\",\"dateModified\":\"2026-02-12T08:06:34+00:00\",\"mainEntityOfPage\":{\"@id\":\"http:\\\/\\\/biblioteka-gabin.pl\\\/index.php\\\/2025\\\/12\\\/05\\\/spotkanie-z-bajka-w-oddziale-i-punkcie-przedszkolnym-w-nowym-grabiu-pszczolki-biedronki-oraz-motylki-04-12-2025r\\\/\"},\"wordCount\":266,\"commentCount\":0,\"publisher\":{\"@id\":\"https:\\\/\\\/biblioteka-gabin.pl\\\/#organization\"},\"image\":{\"@id\":\"http:\\\/\\\/biblioteka-gabin.pl\\\/index.php\\\/2025\\\/12\\\/05\\\/spotkanie-z-bajka-w-oddziale-i-punkcie-przedszkolnym-w-nowym-grabiu-pszczolki-biedronki-oraz-motylki-04-12-2025r\\\/#primaryimage\"},\"thumbnailUrl\":\"https:\\\/\\\/biblioteka-gabin.pl\\\/wp-content\\\/uploads\\\/2025\\\/12\\\/w3pGAyj_.jpg\",\"articleSection\":[\"Galeria\",\"Main\"],\"inLanguage\":\"pl-PL\",\"potentialAction\":[{\"@type\":\"CommentAction\",\"name\":\"Comment\",\"target\":[\"http:\\\/\\\/biblioteka-gabin.pl\\\/index.php\\\/2025\\\/12\\\/05\\\/spotkanie-z-bajka-w-oddziale-i-punkcie-przedszkolnym-w-nowym-grabiu-pszczolki-biedronki-oraz-motylki-04-12-2025r\\\/#respond\"]}]},{\"@type\":\"WebPage\",\"@id\":\"http:\\\/\\\/biblioteka-gabin.pl\\\/index.php\\\/2025\\\/12\\\/05\\\/spotkanie-z-bajka-w-oddziale-i-punkcie-przedszkolnym-w-nowym-grabiu-pszczolki-biedronki-oraz-motylki-04-12-2025r\\\/\",\"url\":\"http:\\\/\\\/biblioteka-gabin.pl\\\/index.php\\\/2025\\\/12\\\/05\\\/spotkanie-z-bajka-w-oddziale-i-punkcie-przedszkolnym-w-nowym-grabiu-pszczolki-biedronki-oraz-motylki-04-12-2025r\\\/\",\"name\":\"\\\"Spotkanie z bajk\u0105\\\" w Oddziale i Punkcie Przedszkolnym w Nowym Grabiu- \\\"Pszcz\u00f3\u0142ki\\\", \\\"Biedronki\\\" oraz \\\"Motylki\\\" (04.12.2025r.) - Miejsko-Gminna Biblioteka Publiczna w G\u0105binie\",\"isPartOf\":{\"@id\":\"https:\\\/\\\/biblioteka-gabin.pl\\\/#website\"},\"primaryImageOfPage\":{\"@id\":\"http:\\\/\\\/biblioteka-gabin.pl\\\/index.php\\\/2025\\\/12\\\/05\\\/spotkanie-z-bajka-w-oddziale-i-punkcie-przedszkolnym-w-nowym-grabiu-pszczolki-biedronki-oraz-motylki-04-12-2025r\\\/#primaryimage\"},\"image\":{\"@id\":\"http:\\\/\\\/biblioteka-gabin.pl\\\/index.php\\\/2025\\\/12\\\/05\\\/spotkanie-z-bajka-w-oddziale-i-punkcie-przedszkolnym-w-nowym-grabiu-pszczolki-biedronki-oraz-motylki-04-12-2025r\\\/#primaryimage\"},\"thumbnailUrl\":\"https:\\\/\\\/biblioteka-gabin.pl\\\/wp-content\\\/uploads\\\/2025\\\/12\\\/w3pGAyj_.jpg\",\"datePublished\":\"2025-12-05T09:46:43+00:00\",\"dateModified\":\"2026-02-12T08:06:34+00:00\",\"breadcrumb\":{\"@id\":\"http:\\\/\\\/biblioteka-gabin.pl\\\/index.php\\\/2025\\\/12\\\/05\\\/spotkanie-z-bajka-w-oddziale-i-punkcie-przedszkolnym-w-nowym-grabiu-pszczolki-biedronki-oraz-motylki-04-12-2025r\\\/#breadcrumb\"},\"inLanguage\":\"pl-PL\",\"potentialAction\":[{\"@type\":\"ReadAction\",\"target\":[\"http:\\\/\\\/biblioteka-gabin.pl\\\/index.php\\\/2025\\\/12\\\/05\\\/spotkanie-z-bajka-w-oddziale-i-punkcie-przedszkolnym-w-nowym-grabiu-pszczolki-biedronki-oraz-motylki-04-12-2025r\\\/\"]}]},{\"@type\":\"ImageObject\",\"inLanguage\":\"pl-PL\",\"@id\":\"http:\\\/\\\/biblioteka-gabin.pl\\\/index.php\\\/2025\\\/12\\\/05\\\/spotkanie-z-bajka-w-oddziale-i-punkcie-przedszkolnym-w-nowym-grabiu-pszczolki-biedronki-oraz-motylki-04-12-2025r\\\/#primaryimage\",\"url\":\"https:\\\/\\\/biblioteka-gabin.pl\\\/wp-content\\\/uploads\\\/2025\\\/12\\\/w3pGAyj_.jpg\",\"contentUrl\":\"https:\\\/\\\/biblioteka-gabin.pl\\\/wp-content\\\/uploads\\\/2025\\\/12\\\/w3pGAyj_.jpg\",\"width\":1045,\"height\":1470},{\"@type\":\"BreadcrumbList\",\"@id\":\"http:\\\/\\\/biblioteka-gabin.pl\\\/index.php\\\/2025\\\/12\\\/05\\\/spotkanie-z-bajka-w-oddziale-i-punkcie-przedszkolnym-w-nowym-grabiu-pszczolki-biedronki-oraz-motylki-04-12-2025r\\\/#breadcrumb\",\"itemListElement\":[{\"@type\":\"ListItem\",\"position\":1,\"name\":\"Strona g\u0142\u00f3wna\",\"item\":\"https:\\\/\\\/biblioteka-gabin.pl\\\/\"},{\"@type\":\"ListItem\",\"position\":2,\"name\":\"&#8222;Spotkanie z bajk\u0105&#8221; w Oddziale i Punkcie Przedszkolnym w Nowym Grabiu- &#8222;Pszcz\u00f3\u0142ki&#8221;, &#8222;Biedronki&#8221; oraz &#8222;Motylki&#8221; (04.12.2025r.)\"}]},{\"@type\":\"WebSite\",\"@id\":\"https:\\\/\\\/biblioteka-gabin.pl\\\/#website\",\"url\":\"https:\\\/\\\/biblioteka-gabin.pl\\\/\",\"name\":\"Miejsko-Gminna Biblioteka Publiczna w G\u0105binie\",\"description\":\"\",\"publisher\":{\"@id\":\"https:\\\/\\\/biblioteka-gabin.pl\\\/#organization\"},\"potentialAction\":[{\"@type\":\"SearchAction\",\"target\":{\"@type\":\"EntryPoint\",\"urlTemplate\":\"https:\\\/\\\/biblioteka-gabin.pl\\\/?s={search_term_string}\"},\"query-input\":{\"@type\":\"PropertyValueSpecification\",\"valueRequired\":true,\"valueName\":\"search_term_string\"}}],\"inLanguage\":\"pl-PL\"},{\"@type\":\"Organization\",\"@id\":\"https:\\\/\\\/biblioteka-gabin.pl\\\/#organization\",\"name\":\"Miejsko-Gminna Biblioteka Publiczna w G\u0105binie\",\"url\":\"https:\\\/\\\/biblioteka-gabin.pl\\\/\",\"logo\":{\"@type\":\"ImageObject\",\"inLanguage\":\"pl-PL\",\"@id\":\"https:\\\/\\\/biblioteka-gabin.pl\\\/#\\\/schema\\\/logo\\\/image\\\/\",\"url\":\"https:\\\/\\\/biblioteka-gabin.pl\\\/wp-content\\\/uploads\\\/2025\\\/03\\\/logo-biblioteka-2-1657013691-1.jpg\",\"contentUrl\":\"https:\\\/\\\/biblioteka-gabin.pl\\\/wp-content\\\/uploads\\\/2025\\\/03\\\/logo-biblioteka-2-1657013691-1.jpg\",\"width\":1600,\"height\":772,\"caption\":\"Miejsko-Gminna Biblioteka Publiczna w G\u0105binie\"},\"image\":{\"@id\":\"https:\\\/\\\/biblioteka-gabin.pl\\\/#\\\/schema\\\/logo\\\/image\\\/\"},\"sameAs\":[\"https:\\\/\\\/www.facebook.com\\\/bibliotekagabin\",\"https:\\\/\\\/www.youtube.com\\\/@mgbpgabin9392\"]},{\"@type\":\"Person\",\"@id\":\"https:\\\/\\\/biblioteka-gabin.pl\\\/#\\\/schema\\\/person\\\/c6271403c55804b0c90b1abcdc89a4be\",\"name\":\"j.olejniczak\",\"image\":{\"@type\":\"ImageObject\",\"inLanguage\":\"pl-PL\",\"@id\":\"https:\\\/\\\/secure.gravatar.com\\\/avatar\\\/926a0e21a6bc9c5f3d8b7350eef4c1328c61093f6afee787beeac212421b433a?s=96&d=mm&r=g\",\"url\":\"https:\\\/\\\/secure.gravatar.com\\\/avatar\\\/926a0e21a6bc9c5f3d8b7350eef4c1328c61093f6afee787beeac212421b433a?s=96&d=mm&r=g\",\"contentUrl\":\"https:\\\/\\\/secure.gravatar.com\\\/avatar\\\/926a0e21a6bc9c5f3d8b7350eef4c1328c61093f6afee787beeac212421b433a?s=96&d=mm&r=g\",\"caption\":\"j.olejniczak\"},\"sameAs\":[\"http:\\\/\\\/www.biblioteka-gabin.pl\"],\"url\":\"https:\\\/\\\/biblioteka-gabin.pl\\\/index.php\\\/author\\\/j-olejniczak\\\/\"}]}<\/script>\n<!-- \/ Yoast SEO plugin. -->","yoast_head_json":{"title":"\"Spotkanie z bajk\u0105\" w Oddziale i Punkcie Przedszkolnym w Nowym Grabiu- \"Pszcz\u00f3\u0142ki\", \"Biedronki\" oraz \"Motylki\" (04.12.2025r.) - Miejsko-Gminna Biblioteka Publiczna w G\u0105binie","robots":{"index":"index","follow":"follow","max-snippet":"max-snippet:-1","max-image-preview":"max-image-preview:large","max-video-preview":"max-video-preview:-1"},"canonical":"http:\/\/biblioteka-gabin.pl\/index.php\/2025\/12\/05\/spotkanie-z-bajka-w-oddziale-i-punkcie-przedszkolnym-w-nowym-grabiu-pszczolki-biedronki-oraz-motylki-04-12-2025r\/","og_locale":"pl_PL","og_type":"article","og_title":"\"Spotkanie z bajk\u0105\" w Oddziale i Punkcie Przedszkolnym w Nowym Grabiu- \"Pszcz\u00f3\u0142ki\", \"Biedronki\" oraz \"Motylki\" (04.12.2025r.) - Miejsko-Gminna Biblioteka Publiczna w G\u0105binie","og_description":"&nbsp;&nbsp;&nbsp; W dniu 4 grudnia go\u015bci\u0142am w Przedszkolu w Nowym","og_url":"http:\/\/biblioteka-gabin.pl\/index.php\/2025\/12\/05\/spotkanie-z-bajka-w-oddziale-i-punkcie-przedszkolnym-w-nowym-grabiu-pszczolki-biedronki-oraz-motylki-04-12-2025r\/","og_site_name":"Miejsko-Gminna Biblioteka Publiczna w G\u0105binie","article_publisher":"https:\/\/www.facebook.com\/bibliotekagabin","article_published_time":"2025-12-05T09:46:43+00:00","article_modified_time":"2026-02-12T08:06:34+00:00","og_image":[{"width":1045,"height":1470,"url":"http:\/\/biblioteka-gabin.pl\/wp-content\/uploads\/2025\/12\/w3pGAyj_.jpg","type":"image\/jpeg"}],"author":"j.olejniczak","twitter_card":"summary_large_image","twitter_misc":{"Napisane przez":"j.olejniczak","Szacowany czas czytania":"2 minuty"},"schema":{"@context":"https:\/\/schema.org","@graph":[{"@type":"Article","@id":"http:\/\/biblioteka-gabin.pl\/index.php\/2025\/12\/05\/spotkanie-z-bajka-w-oddziale-i-punkcie-przedszkolnym-w-nowym-grabiu-pszczolki-biedronki-oraz-motylki-04-12-2025r\/#article","isPartOf":{"@id":"http:\/\/biblioteka-gabin.pl\/index.php\/2025\/12\/05\/spotkanie-z-bajka-w-oddziale-i-punkcie-przedszkolnym-w-nowym-grabiu-pszczolki-biedronki-oraz-motylki-04-12-2025r\/"},"author":{"name":"j.olejniczak","@id":"https:\/\/biblioteka-gabin.pl\/#\/schema\/person\/c6271403c55804b0c90b1abcdc89a4be"},"headline":"&#8222;Spotkanie z bajk\u0105&#8221; w Oddziale i Punkcie Przedszkolnym w Nowym Grabiu- &#8222;Pszcz\u00f3\u0142ki&#8221;, &#8222;Biedronki&#8221; oraz &#8222;Motylki&#8221; (04.12.2025r.)","datePublished":"2025-12-05T09:46:43+00:00","dateModified":"2026-02-12T08:06:34+00:00","mainEntityOfPage":{"@id":"http:\/\/biblioteka-gabin.pl\/index.php\/2025\/12\/05\/spotkanie-z-bajka-w-oddziale-i-punkcie-przedszkolnym-w-nowym-grabiu-pszczolki-biedronki-oraz-motylki-04-12-2025r\/"},"wordCount":266,"commentCount":0,"publisher":{"@id":"https:\/\/biblioteka-gabin.pl\/#organization"},"image":{"@id":"http:\/\/biblioteka-gabin.pl\/index.php\/2025\/12\/05\/spotkanie-z-bajka-w-oddziale-i-punkcie-przedszkolnym-w-nowym-grabiu-pszczolki-biedronki-oraz-motylki-04-12-2025r\/#primaryimage"},"thumbnailUrl":"https:\/\/biblioteka-gabin.pl\/wp-content\/uploads\/2025\/12\/w3pGAyj_.jpg","articleSection":["Galeria","Main"],"inLanguage":"pl-PL","potentialAction":[{"@type":"CommentAction","name":"Comment","target":["http:\/\/biblioteka-gabin.pl\/index.php\/2025\/12\/05\/spotkanie-z-bajka-w-oddziale-i-punkcie-przedszkolnym-w-nowym-grabiu-pszczolki-biedronki-oraz-motylki-04-12-2025r\/#respond"]}]},{"@type":"WebPage","@id":"http:\/\/biblioteka-gabin.pl\/index.php\/2025\/12\/05\/spotkanie-z-bajka-w-oddziale-i-punkcie-przedszkolnym-w-nowym-grabiu-pszczolki-biedronki-oraz-motylki-04-12-2025r\/","url":"http:\/\/biblioteka-gabin.pl\/index.php\/2025\/12\/05\/spotkanie-z-bajka-w-oddziale-i-punkcie-przedszkolnym-w-nowym-grabiu-pszczolki-biedronki-oraz-motylki-04-12-2025r\/","name":"\"Spotkanie z bajk\u0105\" w Oddziale i Punkcie Przedszkolnym w Nowym Grabiu- \"Pszcz\u00f3\u0142ki\", \"Biedronki\" oraz \"Motylki\" (04.12.2025r.) - Miejsko-Gminna Biblioteka Publiczna w G\u0105binie","isPartOf":{"@id":"https:\/\/biblioteka-gabin.pl\/#website"},"primaryImageOfPage":{"@id":"http:\/\/biblioteka-gabin.pl\/index.php\/2025\/12\/05\/spotkanie-z-bajka-w-oddziale-i-punkcie-przedszkolnym-w-nowym-grabiu-pszczolki-biedronki-oraz-motylki-04-12-2025r\/#primaryimage"},"image":{"@id":"http:\/\/biblioteka-gabin.pl\/index.php\/2025\/12\/05\/spotkanie-z-bajka-w-oddziale-i-punkcie-przedszkolnym-w-nowym-grabiu-pszczolki-biedronki-oraz-motylki-04-12-2025r\/#primaryimage"},"thumbnailUrl":"https:\/\/biblioteka-gabin.pl\/wp-content\/uploads\/2025\/12\/w3pGAyj_.jpg","datePublished":"2025-12-05T09:46:43+00:00","dateModified":"2026-02-12T08:06:34+00:00","breadcrumb":{"@id":"http:\/\/biblioteka-gabin.pl\/index.php\/2025\/12\/05\/spotkanie-z-bajka-w-oddziale-i-punkcie-przedszkolnym-w-nowym-grabiu-pszczolki-biedronki-oraz-motylki-04-12-2025r\/#breadcrumb"},"inLanguage":"pl-PL","potentialAction":[{"@type":"ReadAction","target":["http:\/\/biblioteka-gabin.pl\/index.php\/2025\/12\/05\/spotkanie-z-bajka-w-oddziale-i-punkcie-przedszkolnym-w-nowym-grabiu-pszczolki-biedronki-oraz-motylki-04-12-2025r\/"]}]},{"@type":"ImageObject","inLanguage":"pl-PL","@id":"http:\/\/biblioteka-gabin.pl\/index.php\/2025\/12\/05\/spotkanie-z-bajka-w-oddziale-i-punkcie-przedszkolnym-w-nowym-grabiu-pszczolki-biedronki-oraz-motylki-04-12-2025r\/#primaryimage","url":"https:\/\/biblioteka-gabin.pl\/wp-content\/uploads\/2025\/12\/w3pGAyj_.jpg","contentUrl":"https:\/\/biblioteka-gabin.pl\/wp-content\/uploads\/2025\/12\/w3pGAyj_.jpg","width":1045,"height":1470},{"@type":"BreadcrumbList","@id":"http:\/\/biblioteka-gabin.pl\/index.php\/2025\/12\/05\/spotkanie-z-bajka-w-oddziale-i-punkcie-przedszkolnym-w-nowym-grabiu-pszczolki-biedronki-oraz-motylki-04-12-2025r\/#breadcrumb","itemListElement":[{"@type":"ListItem","position":1,"name":"Strona g\u0142\u00f3wna","item":"https:\/\/biblioteka-gabin.pl\/"},{"@type":"ListItem","position":2,"name":"&#8222;Spotkanie z bajk\u0105&#8221; w Oddziale i Punkcie Przedszkolnym w Nowym Grabiu- &#8222;Pszcz\u00f3\u0142ki&#8221;, &#8222;Biedronki&#8221; oraz &#8222;Motylki&#8221; (04.12.2025r.)"}]},{"@type":"WebSite","@id":"https:\/\/biblioteka-gabin.pl\/#website","url":"https:\/\/biblioteka-gabin.pl\/","name":"Miejsko-Gminna Biblioteka Publiczna w G\u0105binie","description":"","publisher":{"@id":"https:\/\/biblioteka-gabin.pl\/#organization"},"potentialAction":[{"@type":"SearchAction","target":{"@type":"EntryPoint","urlTemplate":"https:\/\/biblioteka-gabin.pl\/?s={search_term_string}"},"query-input":{"@type":"PropertyValueSpecification","valueRequired":true,"valueName":"search_term_string"}}],"inLanguage":"pl-PL"},{"@type":"Organization","@id":"https:\/\/biblioteka-gabin.pl\/#organization","name":"Miejsko-Gminna Biblioteka Publiczna w G\u0105binie","url":"https:\/\/biblioteka-gabin.pl\/","logo":{"@type":"ImageObject","inLanguage":"pl-PL","@id":"https:\/\/biblioteka-gabin.pl\/#\/schema\/logo\/image\/","url":"https:\/\/biblioteka-gabin.pl\/wp-content\/uploads\/2025\/03\/logo-biblioteka-2-1657013691-1.jpg","contentUrl":"https:\/\/biblioteka-gabin.pl\/wp-content\/uploads\/2025\/03\/logo-biblioteka-2-1657013691-1.jpg","width":1600,"height":772,"caption":"Miejsko-Gminna Biblioteka Publiczna w G\u0105binie"},"image":{"@id":"https:\/\/biblioteka-gabin.pl\/#\/schema\/logo\/image\/"},"sameAs":["https:\/\/www.facebook.com\/bibliotekagabin","https:\/\/www.youtube.com\/@mgbpgabin9392"]},{"@type":"Person","@id":"https:\/\/biblioteka-gabin.pl\/#\/schema\/person\/c6271403c55804b0c90b1abcdc89a4be","name":"j.olejniczak","image":{"@type":"ImageObject","inLanguage":"pl-PL","@id":"https:\/\/secure.gravatar.com\/avatar\/926a0e21a6bc9c5f3d8b7350eef4c1328c61093f6afee787beeac212421b433a?s=96&d=mm&r=g","url":"https:\/\/secure.gravatar.com\/avatar\/926a0e21a6bc9c5f3d8b7350eef4c1328c61093f6afee787beeac212421b433a?s=96&d=mm&r=g","contentUrl":"https:\/\/secure.gravatar.com\/avatar\/926a0e21a6bc9c5f3d8b7350eef4c1328c61093f6afee787beeac212421b433a?s=96&d=mm&r=g","caption":"j.olejniczak"},"sameAs":["http:\/\/www.biblioteka-gabin.pl"],"url":"https:\/\/biblioteka-gabin.pl\/index.php\/author\/j-olejniczak\/"}]}},"_links":{"self":[{"href":"https:\/\/biblioteka-gabin.pl\/index.php\/wp-json\/wp\/v2\/posts\/9974","targetHints":{"allow":["GET"]}}],"collection":[{"href":"https:\/\/biblioteka-gabin.pl\/index.php\/wp-json\/wp\/v2\/posts"}],"about":[{"href":"https:\/\/biblioteka-gabin.pl\/index.php\/wp-json\/wp\/v2\/types\/post"}],"author":[{"embeddable":true,"href":"https:\/\/biblioteka-gabin.pl\/index.php\/wp-json\/wp\/v2\/users\/5"}],"replies":[{"embeddable":true,"href":"https:\/\/biblioteka-gabin.pl\/index.php\/wp-json\/wp\/v2\/comments?post=9974"}],"version-history":[{"count":1,"href":"https:\/\/biblioteka-gabin.pl\/index.php\/wp-json\/wp\/v2\/posts\/9974\/revisions"}],"predecessor-version":[{"id":9976,"href":"https:\/\/biblioteka-gabin.pl\/index.php\/wp-json\/wp\/v2\/posts\/9974\/revisions\/9976"}],"wp:featuredmedia":[{"embeddable":true,"href":"https:\/\/biblioteka-gabin.pl\/index.php\/wp-json\/wp\/v2\/media\/9975"}],"wp:attachment":[{"href":"https:\/\/biblioteka-gabin.pl\/index.php\/wp-json\/wp\/v2\/media?parent=9974"}],"wp:term":[{"taxonomy":"category","embeddable":true,"href":"https:\/\/biblioteka-gabin.pl\/index.php\/wp-json\/wp\/v2\/categories?post=9974"},{"taxonomy":"post_tag","embeddable":true,"href":"https:\/\/biblioteka-gabin.pl\/index.php\/wp-json\/wp\/v2\/tags?post=9974"}],"curies":[{"name":"wp","href":"https:\/\/api.w.org\/{rel}","templated":true}]}}